[{"@context":"https:\/\/schema.org\/","@type":"Article","@id":"https:\/\/www.avilu.sk\/testy-nas-chranili-proti-virusu\/#Article","mainEntityOfPage":"https:\/\/www.avilu.sk\/testy-nas-chranili-proti-virusu\/","headline":"Testy n\u00e1s chr\u00e1nili proti v\u00edrusu","name":"Testy n\u00e1s chr\u00e1nili proti v\u00edrusu","description":"\u017divot s koronav\u00edrusom bol n\u00e1ro\u010dn\u00fdm obdob\u00edm. Nikto netu\u0161il, ako toto v\u00e4zenie bude trva\u0165. Nemohli sme chodi\u0165 do \u0161kolsk\u00fdch zariaden\u00ed, ani do svojich zamestnan\u00ed. Museli sme&hellip;","datePublished":"2025-03-14","dateModified":"2025-03-14","author":{"@type":"Person","@id":"https:\/\/www.avilu.sk\/author\/#Person","name":"","url":"https:\/\/www.avilu.sk\/author\/","identifier":1,"image":{"@type":"ImageObject","@id":"https:\/\/secure.gravatar.com\/avatar\/4006af731f458a56e90e1a4ecbb37f08f11b51b80cb9267b6a6e5547922ff49d?s=96&d=mm&r=g","url":"https:\/\/secure.gravatar.com\/avatar\/4006af731f458a56e90e1a4ecbb37f08f11b51b80cb9267b6a6e5547922ff49d?s=96&d=mm&r=g","height":96,"width":96}},"publisher":{"@type":"Organization","name":"avilu.sk","logo":{"@type":"ImageObject","@id":"\/logo.png","url":"\/logo.png","width":600,"height":60}},"image":{"@type":"ImageObject","@id":"https:\/\/www.avilu.sk\/wp-content\/uploads\/corona-6848113_640_2.jpg","url":"https:\/\/www.avilu.sk\/wp-content\/uploads\/corona-6848113_640_2.jpg","height":0,"width":0},"url":"https:\/\/www.avilu.sk\/testy-nas-chranili-proti-virusu\/","about":["N\u00e1kupy"],"wordCount":372,"articleBody":"   \u017divot s koronav\u00edrusom bol n\u00e1ro\u010dn\u00fdm obdob\u00edm. Nikto netu\u0161il, ako toto v\u00e4zenie bude trva\u0165. Nemohli sme chodi\u0165 do \u0161kolsk\u00fdch zariaden\u00ed, ani do svojich zamestnan\u00ed. Museli sme by\u0165 izolovan\u00ed, a to doma. Kto b\u00fdval v dome, to mal jednoduch\u0161ie. V bytoch to bolo neznesite\u013en\u00e9. Ochrann\u00e9 r\u00fa\u0161ka a respir\u00e1tory n\u00e1m pom\u00e1hali v tom, aby sme sa nenakazili. Boli skuto\u010dne \u00fa\u010dinn\u00e9? Mnoh\u00ed \u013eudia o tom pochybuj\u00fa dodnes. Antig\u00e9nov\u00fdmi testami sme sa testovali takmer ka\u017ed\u00fd t\u00fd\u017ede\u0148. Pozit\u00edvny v\u00fdsledok nechcel ma\u0165 nikto. Av\u0161ak mnoho \u013eud\u00ed sa nakazilo. Spr\u00e1vy boli pln\u00e9 inform\u00e1cie o po\u010dte nakazen\u00fdch i po\u010dte umret\u00fdch \u013eud\u00ed. Predstavte si, mnoh\u00ed, najm\u00e4 star\u0161\u00ed \u013eudia, aj na koronav\u00edrus umreli. Tento v\u00edrus bol r\u00fdchlo sa \u0161\u00edriaci a bol ve\u013emi infek\u010dn\u00fd. Ako sme sa z toho dostali? Prebiehalo celoslovensk\u00e9 o\u010dkovanie vakc\u00ednami. Vakc\u00ednam sme neverili, no nechceli sme sa nakazi\u0165. \u013dudia st\u00e1li v dlh\u00fdch radoch kv\u00f4li tomu, aby sa mohli da\u0165 zao\u010dkova\u0165. O\u010dkovanie bolo bezbolestn\u00e9, no v ten de\u0148 ste poci\u0165ovali nevo\u013enos\u0165, zimnicu alebo r\u00f4zne in\u00e9 pr\u00edznaky. Va\u0161e telo bojovalo proti tomuto v\u00edrusu. Ak\u00fd je \u017eivot po koronav\u00edruse? V\u00edrus sa zmutoval do klasickej chr\u00edpky, aspo\u0148 to si v\u0161etci mysl\u00edme.Kone\u010dne sa deti m\u00f4\u017eu vzdel\u00e1va\u0165 v \u0161kolsk\u00fdch zariadeniach a \u013eudia za\u010dali chodi\u0165 do pr\u00e1ce. Niektor\u00ed o svoje zamestnanie aj pri\u0161li. Museli sa zamera\u0165 na in\u00fa \u010dinnos\u0165, ktor\u00fa by mohli vykon\u00e1va\u0165 aj z pohodlia domova. Moment\u00e1lne, ke\u010f sa nakaz\u00edte oby\u010dajnou chr\u00edpkou alebo prechladnete, priebeh choroby poci\u0165ujete celkom inak ako pred obdob\u00edm koronav\u00edrusu. V\u0161etk\u00fdch n\u00e1s tento v\u00edrus nejako negat\u00edvne ovplyvnil. U\u017e to v\u0161ak nevieme zmeni\u0165. Mus\u00edme s t\u00fdm \u017ei\u0165 na\u010falej. Aj vy ste radi, \u017ee u\u017e skon\u010dilo obdobie koronav\u00edrusu? Niektor\u00ed sa boja, \u017ee sa nejak\u00e1 pand\u00e9mia znovu objav\u00ed aj na \u00fazem\u00ed Slovenskej republiky. Chvalabohu, zatia\u013e tu ni\u010d tak\u00e9 nie je. S\u00edce m\u00e1me chr\u00edpkov\u00e9 obdobie, no to existovalo aj pre Covidom-19.                                                                                                                                                                                                                                                                                                                                                                                          4.3\/5 - (15 votes)        "},{"@context":"https:\/\/schema.org\/","@type":"BreadcrumbList","itemListElement":[{"@type":"ListItem","position":1,"name":"Testy n\u00e1s chr\u00e1nili proti v\u00edrusu","item":"https:\/\/www.avilu.sk\/testy-nas-chranili-proti-virusu\/#breadcrumbitem"}]}]